{"id":293,"date":"2022-05-09T13:17:49","date_gmt":"2022-05-09T11:17:49","guid":{"rendered":"https:\/\/inthesky.thecamels.pl\/paker\/maszyny\/?p=293"},"modified":"2022-09-16T17:13:23","modified_gmt":"2022-09-16T15:13:23","slug":"trzy-kolorowa-drukarka-fleksograficzna-ze-sztanca-rotacyjna","status":"publish","type":"post","link":"https:\/\/paker.eu\/maszyny\/trzy-kolorowa-drukarka-fleksograficzna-ze-sztanca-rotacyjna\/","title":{"rendered":"Trzy kolorowa drukarka fleksograficzna ze sztanc\u0105 rotacyjn\u0105"},"content":{"rendered":"<p>[et_pb_section fb_built=&#8221;1&#8243; _builder_version=&#8221;4.17.3&#8243; _module_preset=&#8221;default&#8221; global_colors_info=&#8221;{}&#8221;][et_pb_row _builder_version=&#8221;4.17.3&#8243; _module_preset=&#8221;default&#8221; global_colors_info=&#8221;{}&#8221;][et_pb_column type=&#8221;4_4&#8243; _builder_version=&#8221;4.17.3&#8243; _module_preset=&#8221;default&#8221; global_colors_info=&#8221;{}&#8221;][et_pb_text _builder_version=&#8221;4.17.3&#8243; _module_preset=&#8221;default&#8221; global_colors_info=&#8221;{}&#8221;]<\/p>\n<p class=\"p1\">Na prze\u0142omie marca i kwietnia nasz zesp\u00f3\u0142 dostarczy\u0142 oraz uruchomi\u0142 kolejn\u0105 drukark\u0119 fleksograficzn\u0105 ze sztanc\u0105 rotacyjn\u0105 wyposa\u017con\u0105 w najnowszy model sekcji czyszcz\u0105cej u\u017cytki wraz z podci\u015bnieniowym prowadzeniem oraz automatyczny sztaker.<span class=\"Apple-converted-space\">\u00a0<\/span><\/p>\n<p class=\"p1\"><strong>Rozmiar roboczy maszyny: 1800&#215;3000 mm<span class=\"Apple-converted-space\">\u00a0<\/span><\/strong><\/p>\n<p>[\/et_pb_text][et_pb_image src=&#8221;https:\/\/paker.eu\/maszyny\/wp-content\/uploads\/sites\/4\/2022\/05\/9d24fab6-d57d-42ac-9641-0a22019e0151.jpg&#8221; title_text=&#8221;9d24fab6-d57d-42ac-9641-0a22019e0151&#8243; _builder_version=&#8221;4.17.3&#8243; _module_preset=&#8221;default&#8221; global_colors_info=&#8221;{}&#8221;][\/et_pb_image][et_pb_text _builder_version=&#8221;4.17.3&#8243; _module_preset=&#8221;default&#8221; hover_enabled=&#8221;0&#8243; global_colors_info=&#8221;{}&#8221; sticky_enabled=&#8221;0&#8243;]<\/p>\n<p><strong>Konfiguracja:<\/strong><\/p>\n<ul>\n<li>Podajnik rolkowo podci\u015bnieniowy<\/li>\n<li>1sza drukarka fleksograficzna z ceramicznym aniloxem 300 LPI<\/li>\n<li>2ga drukarka fleksograficzna z ceramicznym aniloxem 300 LPI<\/li>\n<li>3cia drukarka fleksograficzna z ceramicznym aniloxem 200 LPI<\/li>\n<li>Sztanca rotacyjna<\/li>\n<li>Sekcja czyszcz\u0105ca z podci\u015bnieniowym prowadzeniem arkuszy<\/li>\n<li>Automatyczny sztaker<\/li>\n<\/ul>\n<p class=\"p1\">Maszyna zosta\u0142a wyposa\u017cona w komputerow\u0105 regulacj\u0119 docisk\u00f3w na wa\u0142ach a tak\u017ce w automatyczne ustawianie podajnika.<br \/>Sekcja podaj\u0105ca wyposa\u017cona w dodatkowy odci\u0105g kurzu z podawanych arkuszy dla polepszenia jako\u015bci nadruku.<span class=\"Apple-converted-space\">\u00a0<\/span><\/p>\n<p class=\"p1\">Zastosowane elementy steruj\u0105ce maszyn\u0105 takie jak HMI i sterowniki od Siemens Simatic.<br \/>Maszyna z pe\u0142nym oprogramowaniem w j\u0119zyku Polskim.<br \/>Falowniki dostarczone przez firm\u0119 Mitsubishi.<\/p>\n<p class=\"p1\">Mo\u017cliwo\u015b\u0107 zapisania ustawie\u0144 danego zlecenia oraz automatyczne nastawienie maszyny przy kolejnych zleceniach.<\/p>\n<p class=\"p1\">Pr\u0119dko\u015b\u0107 produkcyjna jak\u0105 mo\u017cna osi\u0105gn\u0105\u0107 na tej maszynie to ok 150 sztuk na minut\u0119.<span class=\"Apple-converted-space\">\u00a0<\/span><\/p>\n<p class=\"p1\">Jest to tylko kilka szczeg\u00f3\u0142\u00f3w odno\u015bnie wyposa\u017cenia maszyny, je\u017celi chcesz uzyska\u0107 wi\u0119cej informacji lub jeste\u015b zainteresowany podobn\u0105 maszyn\u0105, zapraszamy do kontaktu.<span class=\"Apple-converted-space\">\u00a0<\/span><\/p>\n<p>[\/et_pb_text][et_pb_video src=&#8221;https:\/\/www.youtube.com\/watch?v=HLjvK-r-us8&#8243; _builder_version=&#8221;4.17.3&#8243; _module_preset=&#8221;default&#8221; hover_enabled=&#8221;0&#8243; sticky_enabled=&#8221;0&#8243;][\/et_pb_video][et_pb_image src=&#8221;https:\/\/paker.eu\/maszyny\/wp-content\/uploads\/sites\/4\/2022\/05\/eeb1d1e3-3a19-48f4-929e-d78db4cd2a62.jpg&#8221; title_text=&#8221;eeb1d1e3-3a19-48f4-929e-d78db4cd2a62&#8243; _builder_version=&#8221;4.17.3&#8243; _module_preset=&#8221;default&#8221; global_colors_info=&#8221;{}&#8221;][\/et_pb_image][et_pb_image src=&#8221;https:\/\/paker.eu\/maszyny\/wp-content\/uploads\/sites\/4\/2022\/05\/dc9d5e79-60c3-49c8-9628-52c9e09acdc0.jpg&#8221; title_text=&#8221;dc9d5e79-60c3-49c8-9628-52c9e09acdc0&#8243; _builder_version=&#8221;4.17.3&#8243; _module_preset=&#8221;default&#8221; global_colors_info=&#8221;{}&#8221;][\/et_pb_image][et_pb_image src=&#8221;https:\/\/paker.eu\/maszyny\/wp-content\/uploads\/sites\/4\/2022\/05\/13adee55-e414-4a21-a756-ea2550bd4a01.jpg&#8221; title_text=&#8221;13adee55-e414-4a21-a756-ea2550bd4a01&#8243; _builder_version=&#8221;4.17.3&#8243; _module_preset=&#8221;default&#8221; global_colors_info=&#8221;{}&#8221;][\/et_pb_image][et_pb_image src=&#8221;https:\/\/paker.eu\/maszyny\/wp-content\/uploads\/sites\/4\/2022\/05\/6da5d96e-db5c-477d-b424-853071761a9c.jpg&#8221; title_text=&#8221;6da5d96e-db5c-477d-b424-853071761a9c&#8221; _builder_version=&#8221;4.17.3&#8243; _module_preset=&#8221;default&#8221; global_colors_info=&#8221;{}&#8221;][\/et_pb_image][\/et_pb_column][\/et_pb_row][\/et_pb_section]<\/p>\n","protected":false},"excerpt":{"rendered":"<p>Na prze\u0142omie marca i kwietnia nasz zesp\u00f3\u0142 dostarczy\u0142 oraz uruchomi\u0142 kolejn\u0105 drukark\u0119 fleksograficzn\u0105 ze sztanc\u0105 rotacyjn\u0105 wyposa\u017con\u0105 w najnowszy model sekcji czyszcz\u0105cej u\u017cytki wraz z podci\u015bnieniowym prowadzeniem oraz automatyczny sztaker.\u00a0 Rozmiar roboczy maszyny: 1800&#215;3000 mm\u00a0Konfiguracja: Podajnik rolkowo podci\u015bnieniowy 1sza drukarka fleksograficzna z ceramicznym aniloxem 300 LPI 2ga drukarka fleksograficzna z ceramicznym aniloxem 300 LPI 3cia [&hellip;]<\/p>\n","protected":false},"author":1,"featured_media":299,"comment_status":"open","ping_status":"open","sticky":false,"template":"","format":"standard","meta":{"_et_pb_use_builder":"on","_et_pb_old_content":"","_et_gb_content_width":""},"categories":[1],"tags":[],"yoast_head":"<!-- This site is optimized with the Yoast SEO plugin v19.8 - https:\/\/yoast.com\/wordpress\/plugins\/seo\/ -->\n<title>Trzy kolorowa drukarka fleksograficzna ze sztanc\u0105 rotacyjn\u0105 - Paker maszyny<\/title>\n<meta name=\"robots\" content=\"index, follow, max-snippet:-1, max-image-preview:large, max-video-preview:-1\" \/>\n<link rel=\"canonical\" href=\"https:\/\/paker.eu\/maszyny\/trzy-kolorowa-drukarka-fleksograficzna-ze-sztanca-rotacyjna\/\" \/>\n<meta property=\"og:locale\" content=\"pl_PL\" \/>\n<meta property=\"og:type\" content=\"article\" \/>\n<meta property=\"og:title\" content=\"Trzy kolorowa drukarka fleksograficzna ze sztanc\u0105 rotacyjn\u0105 - Paker maszyny\" \/>\n<meta property=\"og:description\" content=\"Na prze\u0142omie marca i kwietnia nasz zesp\u00f3\u0142 dostarczy\u0142 oraz uruchomi\u0142 kolejn\u0105 drukark\u0119 fleksograficzn\u0105 ze sztanc\u0105 rotacyjn\u0105 wyposa\u017con\u0105 w najnowszy model sekcji czyszcz\u0105cej u\u017cytki wraz z podci\u015bnieniowym prowadzeniem oraz automatyczny sztaker.\u00a0 Rozmiar roboczy maszyny: 1800x3000 mm\u00a0Konfiguracja: Podajnik rolkowo podci\u015bnieniowy 1sza drukarka fleksograficzna z ceramicznym aniloxem 300 LPI 2ga drukarka fleksograficzna z ceramicznym aniloxem 300 LPI 3cia [&hellip;]\" \/>\n<meta property=\"og:url\" content=\"https:\/\/paker.eu\/maszyny\/trzy-kolorowa-drukarka-fleksograficzna-ze-sztanca-rotacyjna\/\" \/>\n<meta property=\"og:site_name\" content=\"Paker maszyny\" \/>\n<meta property=\"article:published_time\" content=\"2022-05-09T11:17:49+00:00\" \/>\n<meta property=\"article:modified_time\" content=\"2022-09-16T15:13:23+00:00\" \/>\n<meta property=\"og:image\" content=\"https:\/\/paker.eu\/maszyny\/wp-content\/uploads\/sites\/4\/2022\/05\/9d24fab6-d57d-42ac-9641-0a22019e0151.jpg\" \/>\n\t<meta property=\"og:image:width\" content=\"1600\" \/>\n\t<meta property=\"og:image:height\" content=\"738\" \/>\n\t<meta property=\"og:image:type\" content=\"image\/jpeg\" \/>\n<meta name=\"author\" content=\"inthesky\" \/>\n<meta name=\"twitter:card\" content=\"summary_large_image\" \/>\n<meta name=\"twitter:label1\" content=\"Napisane przez\" \/>\n\t<meta name=\"twitter:data1\" content=\"inthesky\" \/>\n\t<meta name=\"twitter:label2\" content=\"Szacowany czas czytania\" \/>\n\t<meta name=\"twitter:data2\" content=\"3 minuty\" \/>\n<script type=\"application\/ld+json\" class=\"yoast-schema-graph\">{\"@context\":\"https:\/\/schema.org\",\"@graph\":[{\"@type\":\"WebPage\",\"@id\":\"https:\/\/paker.eu\/maszyny\/trzy-kolorowa-drukarka-fleksograficzna-ze-sztanca-rotacyjna\/\",\"url\":\"https:\/\/paker.eu\/maszyny\/trzy-kolorowa-drukarka-fleksograficzna-ze-sztanca-rotacyjna\/\",\"name\":\"Trzy kolorowa drukarka fleksograficzna ze sztanc\u0105 rotacyjn\u0105 - Paker maszyny\",\"isPartOf\":{\"@id\":\"https:\/\/paker.eu\/maszyny\/#website\"},\"datePublished\":\"2022-05-09T11:17:49+00:00\",\"dateModified\":\"2022-09-16T15:13:23+00:00\",\"author\":{\"@id\":\"https:\/\/paker.eu\/maszyny\/#\/schema\/person\/f3e877e1555ff559c791bd21e5277e16\"},\"breadcrumb\":{\"@id\":\"https:\/\/paker.eu\/maszyny\/trzy-kolorowa-drukarka-fleksograficzna-ze-sztanca-rotacyjna\/#breadcrumb\"},\"inLanguage\":\"pl-PL\",\"potentialAction\":[{\"@type\":\"ReadAction\",\"target\":[\"https:\/\/paker.eu\/maszyny\/trzy-kolorowa-drukarka-fleksograficzna-ze-sztanca-rotacyjna\/\"]}]},{\"@type\":\"BreadcrumbList\",\"@id\":\"https:\/\/paker.eu\/maszyny\/trzy-kolorowa-drukarka-fleksograficzna-ze-sztanca-rotacyjna\/#breadcrumb\",\"itemListElement\":[{\"@type\":\"ListItem\",\"position\":1,\"name\":\"Home\",\"item\":\"https:\/\/paker.eu\/maszyny\/\"},{\"@type\":\"ListItem\",\"position\":2,\"name\":\"Trzy kolorowa drukarka fleksograficzna ze sztanc\u0105 rotacyjn\u0105\"}]},{\"@type\":\"WebSite\",\"@id\":\"https:\/\/paker.eu\/maszyny\/#website\",\"url\":\"https:\/\/paker.eu\/maszyny\/\",\"name\":\"Paker maszyny\",\"description\":\"Sprzeda\u017c i serwis maszyn poligraficznych oraz opakowaniowych\",\"potentialAction\":[{\"@type\":\"SearchAction\",\"target\":{\"@type\":\"EntryPoint\",\"urlTemplate\":\"https:\/\/paker.eu\/maszyny\/?s={search_term_string}\"},\"query-input\":\"required name=search_term_string\"}],\"inLanguage\":\"pl-PL\"},{\"@type\":\"Person\",\"@id\":\"https:\/\/paker.eu\/maszyny\/#\/schema\/person\/f3e877e1555ff559c791bd21e5277e16\",\"name\":\"inthesky\",\"image\":{\"@type\":\"ImageObject\",\"inLanguage\":\"pl-PL\",\"@id\":\"https:\/\/paker.eu\/maszyny\/#\/schema\/person\/image\/\",\"url\":\"https:\/\/secure.gravatar.com\/avatar\/c674e447be5c94f9cd0a5d5355afe4a5?s=96&d=mm&r=g\",\"contentUrl\":\"https:\/\/secure.gravatar.com\/avatar\/c674e447be5c94f9cd0a5d5355afe4a5?s=96&d=mm&r=g\",\"caption\":\"inthesky\"}}]}<\/script>\n<!-- \/ Yoast SEO plugin. -->","yoast_head_json":{"title":"Trzy kolorowa drukarka fleksograficzna ze sztanc\u0105 rotacyjn\u0105 - Paker maszyny","robots":{"index":"index","follow":"follow","max-snippet":"max-snippet:-1","max-image-preview":"max-image-preview:large","max-video-preview":"max-video-preview:-1"},"canonical":"https:\/\/paker.eu\/maszyny\/trzy-kolorowa-drukarka-fleksograficzna-ze-sztanca-rotacyjna\/","og_locale":"pl_PL","og_type":"article","og_title":"Trzy kolorowa drukarka fleksograficzna ze sztanc\u0105 rotacyjn\u0105 - Paker maszyny","og_description":"Na prze\u0142omie marca i kwietnia nasz zesp\u00f3\u0142 dostarczy\u0142 oraz uruchomi\u0142 kolejn\u0105 drukark\u0119 fleksograficzn\u0105 ze sztanc\u0105 rotacyjn\u0105 wyposa\u017con\u0105 w najnowszy model sekcji czyszcz\u0105cej u\u017cytki wraz z podci\u015bnieniowym prowadzeniem oraz automatyczny sztaker.\u00a0 Rozmiar roboczy maszyny: 1800x3000 mm\u00a0Konfiguracja: Podajnik rolkowo podci\u015bnieniowy 1sza drukarka fleksograficzna z ceramicznym aniloxem 300 LPI 2ga drukarka fleksograficzna z ceramicznym aniloxem 300 LPI 3cia [&hellip;]","og_url":"https:\/\/paker.eu\/maszyny\/trzy-kolorowa-drukarka-fleksograficzna-ze-sztanca-rotacyjna\/","og_site_name":"Paker maszyny","article_published_time":"2022-05-09T11:17:49+00:00","article_modified_time":"2022-09-16T15:13:23+00:00","og_image":[{"width":1600,"height":738,"url":"https:\/\/paker.eu\/maszyny\/wp-content\/uploads\/sites\/4\/2022\/05\/9d24fab6-d57d-42ac-9641-0a22019e0151.jpg","type":"image\/jpeg"}],"author":"inthesky","twitter_card":"summary_large_image","twitter_misc":{"Napisane przez":"inthesky","Szacowany czas czytania":"3 minuty"},"schema":{"@context":"https:\/\/schema.org","@graph":[{"@type":"WebPage","@id":"https:\/\/paker.eu\/maszyny\/trzy-kolorowa-drukarka-fleksograficzna-ze-sztanca-rotacyjna\/","url":"https:\/\/paker.eu\/maszyny\/trzy-kolorowa-drukarka-fleksograficzna-ze-sztanca-rotacyjna\/","name":"Trzy kolorowa drukarka fleksograficzna ze sztanc\u0105 rotacyjn\u0105 - Paker maszyny","isPartOf":{"@id":"https:\/\/paker.eu\/maszyny\/#website"},"datePublished":"2022-05-09T11:17:49+00:00","dateModified":"2022-09-16T15:13:23+00:00","author":{"@id":"https:\/\/paker.eu\/maszyny\/#\/schema\/person\/f3e877e1555ff559c791bd21e5277e16"},"breadcrumb":{"@id":"https:\/\/paker.eu\/maszyny\/trzy-kolorowa-drukarka-fleksograficzna-ze-sztanca-rotacyjna\/#breadcrumb"},"inLanguage":"pl-PL","potentialAction":[{"@type":"ReadAction","target":["https:\/\/paker.eu\/maszyny\/trzy-kolorowa-drukarka-fleksograficzna-ze-sztanca-rotacyjna\/"]}]},{"@type":"BreadcrumbList","@id":"https:\/\/paker.eu\/maszyny\/trzy-kolorowa-drukarka-fleksograficzna-ze-sztanca-rotacyjna\/#breadcrumb","itemListElement":[{"@type":"ListItem","position":1,"name":"Home","item":"https:\/\/paker.eu\/maszyny\/"},{"@type":"ListItem","position":2,"name":"Trzy kolorowa drukarka fleksograficzna ze sztanc\u0105 rotacyjn\u0105"}]},{"@type":"WebSite","@id":"https:\/\/paker.eu\/maszyny\/#website","url":"https:\/\/paker.eu\/maszyny\/","name":"Paker maszyny","description":"Sprzeda\u017c i serwis maszyn poligraficznych oraz opakowaniowych","potentialAction":[{"@type":"SearchAction","target":{"@type":"EntryPoint","urlTemplate":"https:\/\/paker.eu\/maszyny\/?s={search_term_string}"},"query-input":"required name=search_term_string"}],"inLanguage":"pl-PL"},{"@type":"Person","@id":"https:\/\/paker.eu\/maszyny\/#\/schema\/person\/f3e877e1555ff559c791bd21e5277e16","name":"inthesky","image":{"@type":"ImageObject","inLanguage":"pl-PL","@id":"https:\/\/paker.eu\/maszyny\/#\/schema\/person\/image\/","url":"https:\/\/secure.gravatar.com\/avatar\/c674e447be5c94f9cd0a5d5355afe4a5?s=96&d=mm&r=g","contentUrl":"https:\/\/secure.gravatar.com\/avatar\/c674e447be5c94f9cd0a5d5355afe4a5?s=96&d=mm&r=g","caption":"inthesky"}}]}},"_links":{"self":[{"href":"https:\/\/paker.eu\/maszyny\/wp-json\/wp\/v2\/posts\/293"}],"collection":[{"href":"https:\/\/paker.eu\/maszyny\/wp-json\/wp\/v2\/posts"}],"about":[{"href":"https:\/\/paker.eu\/maszyny\/wp-json\/wp\/v2\/types\/post"}],"author":[{"embeddable":true,"href":"https:\/\/paker.eu\/maszyny\/wp-json\/wp\/v2\/users\/1"}],"replies":[{"embeddable":true,"href":"https:\/\/paker.eu\/maszyny\/wp-json\/wp\/v2\/comments?post=293"}],"version-history":[{"count":6,"href":"https:\/\/paker.eu\/maszyny\/wp-json\/wp\/v2\/posts\/293\/revisions"}],"predecessor-version":[{"id":491,"href":"https:\/\/paker.eu\/maszyny\/wp-json\/wp\/v2\/posts\/293\/revisions\/491"}],"wp:featuredmedia":[{"embeddable":true,"href":"https:\/\/paker.eu\/maszyny\/wp-json\/wp\/v2\/media\/299"}],"wp:attachment":[{"href":"https:\/\/paker.eu\/maszyny\/wp-json\/wp\/v2\/media?parent=293"}],"wp:term":[{"taxonomy":"category","embeddable":true,"href":"https:\/\/paker.eu\/maszyny\/wp-json\/wp\/v2\/categories?post=293"},{"taxonomy":"post_tag","embeddable":true,"href":"https:\/\/paker.eu\/maszyny\/wp-json\/wp\/v2\/tags?post=293"}],"curies":[{"name":"wp","href":"https:\/\/api.w.org\/{rel}","templated":true}]}}